{"id":6643,"date":"2025-01-28T14:12:45","date_gmt":"2025-01-28T13:12:45","guid":{"rendered":"https:\/\/connectionleadership.com\/leadership-and-collective-intelligence-for-coastal-resilience\/"},"modified":"2025-03-21T16:01:20","modified_gmt":"2025-03-21T15:01:20","slug":"leadership-and-collective-intelligence-for-coastal-resilience","status":"publish","type":"post","link":"https:\/\/connectionleadership.com\/en\/leadership-and-collective-intelligence-for-coastal-resilience\/","title":{"rendered":"Leadership and collective intelligence for coastal resilience"},"content":{"rendered":"\t\t<div data-elementor-type=\"wp-post\" data-elementor-id=\"6643\" class=\"elementor elementor-6643 elementor-6522\" data-elementor-post-type=\"post\">\n\t\t\t\t\t\t<section class=\"elementor-section elementor-top-section elementor-element elementor-element-b428673 elementor-section-boxed elementor-section-height-default elementor-section-height-default\" data-id=\"b428673\" data-element_type=\"section\" data-e-type=\"section\">\n\t\t\t\t\t\t<div class=\"elementor-container elementor-column-gap-default\">\n\t\t\t\t\t<div class=\"elementor-column elementor-col-50 elementor-top-column elementor-element elementor-element-15374c5\" data-id=\"15374c5\" data-element_type=\"column\" data-e-type=\"column\">\n\t\t\t<div class=\"elementor-widget-wrap elementor-element-populated\">\n\t\t\t\t\t\t<div class=\"elementor-element elementor-element-78e7b7b elementor-widget elementor-widget-image\" data-id=\"78e7b7b\" data-element_type=\"widget\" data-e-type=\"widget\" data-widget_type=\"image.default\">\n\t\t\t\t<div class=\"elementor-widget-container\">\n\t\t\t\t\t\t\t\t\t\t\t\t\t\t\t<img fetchpriority=\"high\" decoding=\"async\" width=\"800\" height=\"450\" src=\"https:\/\/connectionleadership.com\/wp-content\/uploads\/2025\/01\/Resilience-cotiere-Waca-1100x619.webp\" class=\"attachment-large size-large wp-image-6536\" alt=\"R\u00e9silience c\u00f4ti\u00e8re-Waca\" srcset=\"https:\/\/connectionleadership.com\/wp-content\/uploads\/2025\/01\/Resilience-cotiere-Waca-1100x619.webp 1100w, https:\/\/connectionleadership.com\/wp-content\/uploads\/2025\/01\/Resilience-cotiere-Waca-550x309.webp 550w, https:\/\/connectionleadership.com\/wp-content\/uploads\/2025\/01\/Resilience-cotiere-Waca-768x432.webp 768w, https:\/\/connectionleadership.com\/wp-content\/uploads\/2025\/01\/Resilience-cotiere-Waca-1536x864.webp 1536w, https:\/\/connectionleadership.com\/wp-content\/uploads\/2025\/01\/Resilience-cotiere-Waca.webp 1920w\" sizes=\"(max-width: 800px) 100vw, 800px\" \/>\t\t\t\t\t\t\t\t\t\t\t\t\t\t\t<\/div>\n\t\t\t\t<\/div>\n\t\t\t\t\t<\/div>\n\t\t<\/div>\n\t\t\t\t<div class=\"elementor-column elementor-col-50 elementor-top-column elementor-element elementor-element-d1415f7\" data-id=\"d1415f7\" data-element_type=\"column\" data-e-type=\"column\">\n\t\t\t<div class=\"elementor-widget-wrap elementor-element-populated\">\n\t\t\t\t\t\t<div class=\"elementor-element elementor-element-e919c28 elementor-widget__width-initial elementor-widget elementor-widget-text-editor\" data-id=\"e919c28\" data-element_type=\"widget\" data-e-type=\"widget\" data-widget_type=\"text-editor.default\">\n\t\t\t\t<div class=\"elementor-widget-container\">\n\t\t\t\t\t\t\t\t\t<p>The <b>Blue Economy<\/b> is now recognized as a <b>strategic lever<\/b> for combining economic development, social inclusion and preservation of the marine environment. This model, which encompasses sectors ranging from fishing to marine renewable energy, is of crucial importance for coastal countries facing major environmental and climatic challenges.  <\/p>\n<p>However, to achieve its ambitious goals, greater <b>commitment <\/b>and <b>collaboration from local, regional and international stakeholders<\/b> is required. In this context, Connection Leadership has developed the \u201cLeadership for Results\u201d program. <\/p>\n\t\t\t\t\t\t\t\t<\/div>\n\t\t\t\t<\/div>\n\t\t\t\t\t<\/div>\n\t\t<\/div>\n\t\t\t\t\t<\/div>\n\t\t<\/section>\n\t\t\t\t<section class=\"elementor-section elementor-top-section elementor-element elementor-element-14605ad elementor-section-boxed elementor-section-height-default elementor-section-height-default\" data-id=\"14605ad\" data-element_type=\"section\" data-e-type=\"section\">\n\t\t\t\t\t\t<div class=\"elementor-container elementor-column-gap-default\">\n\t\t\t\t\t<div class=\"elementor-column elementor-col-100 elementor-top-column elementor-element elementor-element-c3c3bbf\" data-id=\"c3c3bbf\" data-element_type=\"column\" data-e-type=\"column\">\n\t\t\t<div class=\"elementor-widget-wrap elementor-element-populated\">\n\t\t\t\t\t\t<div class=\"elementor-element elementor-element-1f356f9 elementor-widget elementor-widget-heading\" data-id=\"1f356f9\" data-element_type=\"widget\" data-e-type=\"widget\" data-widget_type=\"heading.default\">\n\t\t\t\t<div class=\"elementor-widget-container\">\n\t\t\t\t\t<h2 class=\"elementor-heading-title elementor-size-default\">The blue economy: a strategic lever for sustainable development<\/h2>\t\t\t\t<\/div>\n\t\t\t\t<\/div>\n\t\t\t\t\t<\/div>\n\t\t<\/div>\n\t\t\t\t\t<\/div>\n\t\t<\/section>\n\t\t\t\t<section class=\"elementor-section elementor-top-section elementor-element elementor-element-d54c698 elementor-section-boxed elementor-section-height-default elementor-section-height-default\" data-id=\"d54c698\" data-element_type=\"section\" data-e-type=\"section\">\n\t\t\t\t\t\t<div class=\"elementor-container elementor-column-gap-default\">\n\t\t\t\t\t<div class=\"elementor-column elementor-col-100 elementor-top-column elementor-element elementor-element-77367f5\" data-id=\"77367f5\" data-element_type=\"column\" data-e-type=\"column\">\n\t\t\t<div class=\"elementor-widget-wrap elementor-element-populated\">\n\t\t\t\t\t\t<div class=\"elementor-element elementor-element-c873bd8 elementor-widget elementor-widget-heading\" data-id=\"c873bd8\" data-element_type=\"widget\" data-e-type=\"widget\" data-widget_type=\"heading.default\">\n\t\t\t\t<div class=\"elementor-widget-container\">\n\t\t\t\t\t<h3 class=\"elementor-heading-title elementor-size-default\">A key concept for the future of oceans and people<\/h3>\t\t\t\t<\/div>\n\t\t\t\t<\/div>\n\t\t\t\t<div class=\"elementor-element elementor-element-8ac8435 elementor-widget elementor-widget-text-editor\" data-id=\"8ac8435\" data-element_type=\"widget\" data-e-type=\"widget\" data-widget_type=\"text-editor.default\">\n\t\t\t\t<div class=\"elementor-widget-container\">\n\t\t\t\t\t\t\t\t\t<p>The Blue Economy encompasses all economic activities linked to the oceans, seas and coastal zones. It includes traditional sectors such as fishing, maritime transport and coastal tourism, as well as emerging industries such as marine renewable energy, sustainable aquaculture and the marine bioeconomy, which uses marine resources to produce medicines, biofuels and other innovations. This concept aims to <b>reconcile economic growth, social well-being and preservation of the marine environment<\/b>, by promoting sustainable practices.  <\/p>\n<p>There are many pressing issues at stake:<\/p>\n<ul>\n<li><b>Fighting marine pollution:<\/b> Every year, over 8 million tonnes of plastic pollute the oceans, threatening biodiversity and food chains.<\/li>\n<li><b>Biodiversity conservation:<\/b> Coral reefs, home to 25% of marine species, are under serious threat from global warming and ocean acidification.<\/li>\n<li><b>Energy transition: <\/b>Marine energy, in particular offshore wind turbines and technologies harnessing tides and waves, represents a key opportunity to reduce dependence on fossil fuels and meet climate targets.<\/li>\n<li><b>Equity and inclusion:<\/b> Coastal communities, often on the front line when it comes to the effects of climate change, must benefit from the economic spin-offs through local initiatives, training and appropriate funding.<\/li>\n<li><b>International governance:<\/b> As a global commons, the oceans require enhanced regional and international cooperation to manage their resources sustainably and prevent conflicts arising from their use.<\/li>\n<\/ul>\n\t\t\t\t\t\t\t\t<\/div>\n\t\t\t\t<\/div>\n\t\t\t\t\t<\/div>\n\t\t<\/div>\n\t\t\t\t\t<\/div>\n\t\t<\/section>\n\t\t\t\t<section class=\"elementor-section elementor-top-section elementor-element elementor-element-6172bf1 elementor-section-boxed elementor-section-height-default elementor-section-height-default\" data-id=\"6172bf1\" data-element_type=\"section\" data-e-type=\"section\">\n\t\t\t\t\t\t<div class=\"elementor-container elementor-column-gap-default\">\n\t\t\t\t\t<div class=\"elementor-column elementor-col-100 elementor-top-column elementor-element elementor-element-ee07295\" data-id=\"ee07295\" data-element_type=\"column\" data-e-type=\"column\">\n\t\t\t<div class=\"elementor-widget-wrap elementor-element-populated\">\n\t\t\t\t\t\t<div class=\"elementor-element elementor-element-020e9c2 elementor-widget elementor-widget-heading\" data-id=\"020e9c2\" data-element_type=\"widget\" data-e-type=\"widget\" data-widget_type=\"heading.default\">\n\t\t\t\t<div class=\"elementor-widget-container\">\n\t\t\t\t\t<h3 class=\"elementor-heading-title elementor-size-default\">Leadership for Results: our program to support the blue economy<\/h3>\t\t\t\t<\/div>\n\t\t\t\t<\/div>\n\t\t\t\t\t<\/div>\n\t\t<\/div>\n\t\t\t\t\t<\/div>\n\t\t<\/section>\n\t\t\t\t<section class=\"elementor-section elementor-top-section elementor-element elementor-element-c34e750 elementor-section-boxed elementor-section-height-default elementor-section-height-default\" data-id=\"c34e750\" data-element_type=\"section\" data-e-type=\"section\">\n\t\t\t\t\t\t<div class=\"elementor-container elementor-column-gap-default\">\n\t\t\t\t\t<div class=\"elementor-column elementor-col-50 elementor-top-column elementor-element elementor-element-5a0103f\" data-id=\"5a0103f\" data-element_type=\"column\" data-e-type=\"column\">\n\t\t\t<div class=\"elementor-widget-wrap elementor-element-populated\">\n\t\t\t\t\t\t<div class=\"elementor-element elementor-element-a2cab09 elementor-widget elementor-widget-image\" data-id=\"a2cab09\" data-element_type=\"widget\" data-e-type=\"widget\" data-widget_type=\"image.default\">\n\t\t\t\t<div class=\"elementor-widget-container\">\n\t\t\t\t\t\t\t\t\t\t\t\t\t\t\t<img decoding=\"async\" width=\"699\" height=\"522\" src=\"https:\/\/connectionleadership.com\/wp-content\/uploads\/2025\/01\/Waca-Betsy.webp\" class=\"attachment-full size-full wp-image-6524\" alt=\"Waca-Betsy- Leader\" srcset=\"https:\/\/connectionleadership.com\/wp-content\/uploads\/2025\/01\/Waca-Betsy.webp 699w, https:\/\/connectionleadership.com\/wp-content\/uploads\/2025\/01\/Waca-Betsy-550x411.webp 550w\" sizes=\"(max-width: 699px) 100vw, 699px\" \/>\t\t\t\t\t\t\t\t\t\t\t\t\t\t\t<\/div>\n\t\t\t\t<\/div>\n\t\t\t\t<div class=\"elementor-element elementor-element-440f3f2 elementor-widget elementor-widget-text-editor\" data-id=\"440f3f2\" data-element_type=\"widget\" data-e-type=\"widget\" data-widget_type=\"text-editor.default\">\n\t\t\t\t<div class=\"elementor-widget-container\">\n\t\t\t\t\t\t\t\t\t<p>From May 28 to 31, <a href=\"https:\/\/www.linkedin.com\/in\/betsy-parayil\/\" target=\"_blank\" rel=\"noopener\">Betsy Parayil <\/a>and <a href=\"https:\/\/www.linkedin.com\/in\/stefan-de-lavergne-20a4b5102\/\" target=\"_blank\" rel=\"noopener\">Stefan de Lavergne<\/a> co-hosted a 4-day seminar on leadership for Marine Spatial Planning (MSP) in Togo.<\/p>\n\t\t\t\t\t\t\t\t<\/div>\n\t\t\t\t<\/div>\n\t\t\t\t\t<\/div>\n\t\t<\/div>\n\t\t\t\t<div class=\"elementor-column elementor-col-50 elementor-top-column elementor-element elementor-element-90ea662\" data-id=\"90ea662\" data-element_type=\"column\" data-e-type=\"column\">\n\t\t\t<div class=\"elementor-widget-wrap elementor-element-populated\">\n\t\t\t\t\t\t<div class=\"elementor-element elementor-element-c58bc23 elementor-widget__width-initial elementor-widget elementor-widget-text-editor\" data-id=\"c58bc23\" data-element_type=\"widget\" data-e-type=\"widget\" data-widget_type=\"text-editor.default\">\n\t\t\t\t<div class=\"elementor-widget-container\">\n\t\t\t\t\t\t\t\t\t<p>In response to these pressing challenges, the World Bank is funding ambitious projects under the WACA (West African Coastal Areas) program. This initiative, which mobilizes up to $150 million per country in the form of grants or loans, unites <b>nine West African nations around a common objective<\/b>: to<b> strengthen coastal resilience<\/b> in the face of the impacts of climate change. However, despite this substantial funding, projects are often hampered by operational delays, divergent interests and the absence of a shared strategic vision.  <\/p>\n<p>To address these issues, Connection Leadership has developed <b>Leadership for Results,<\/b> a program designed in collaboration with the World Bank and already implemented in Mauritania and Togo. The program aims<b> to strengthen collaboration and advocacy for coastal resilience, and to co-create concrete action plans<\/b> linked to the challenges identified by stakeholders. Aimed at a varied audience &#8211; project management units, executive managers, ministerial representatives, technical experts and members of inter-institutional committees &#8211; it fosters effective coordination and collective mobilization despite sometimes conflicting interests.  <\/p>\n<p>The <b>three-stage<\/b> Leadership for Results approach combines a three-day face-to-face bootcamp to define impactful action plans, followed by six online coaching sessions to consolidate these actions in conjunction with a PMO, and a final session to assess the results obtained and perpetuate new modes of collaboration. This program, which can be <b>adapted to the cultural and operational needs identified in the field,<\/b> stands out for its measurable impact: it equips local players to overcome blockages and accelerate ongoing projects, while creating the foundations for sustainable, inclusive autonomy. <\/p>\n\t\t\t\t\t\t\t\t<\/div>\n\t\t\t\t<\/div>\n\t\t\t\t\t<\/div>\n\t\t<\/div>\n\t\t\t\t\t<\/div>\n\t\t<\/section>\n\t\t\t\t<section class=\"elementor-section elementor-top-section elementor-element elementor-element-4e32de6 elementor-section-boxed elementor-section-height-default elementor-section-height-default\" data-id=\"4e32de6\" data-element_type=\"section\" data-e-type=\"section\">\n\t\t\t\t\t\t<div class=\"elementor-container elementor-column-gap-default\">\n\t\t\t\t\t<div class=\"elementor-column elementor-col-100 elementor-top-column elementor-element elementor-element-333a44e\" data-id=\"333a44e\" data-element_type=\"column\" data-e-type=\"column\">\n\t\t\t<div class=\"elementor-widget-wrap elementor-element-populated\">\n\t\t\t\t\t\t<div class=\"elementor-element elementor-element-8d69bb2 elementor-widget elementor-widget-heading\" data-id=\"8d69bb2\" data-element_type=\"widget\" data-e-type=\"widget\" data-widget_type=\"heading.default\">\n\t\t\t\t<div class=\"elementor-widget-container\">\n\t\t\t\t\t<h2 class=\"elementor-heading-title elementor-size-default\">Leadership and collective intelligence: keys to success for complex projects<\/h2>\t\t\t\t<\/div>\n\t\t\t\t<\/div>\n\t\t\t\t\t<\/div>\n\t\t<\/div>\n\t\t\t\t\t<\/div>\n\t\t<\/section>\n\t\t\t\t<section class=\"elementor-section elementor-top-section elementor-element elementor-element-1f3ae85 elementor-section-boxed elementor-section-height-default elementor-section-height-default\" data-id=\"1f3ae85\" data-element_type=\"section\" data-e-type=\"section\">\n\t\t\t\t\t\t<div class=\"elementor-container elementor-column-gap-default\">\n\t\t\t\t\t<div class=\"elementor-column elementor-col-50 elementor-top-column elementor-element elementor-element-795b6d4\" data-id=\"795b6d4\" data-element_type=\"column\" data-e-type=\"column\">\n\t\t\t<div class=\"elementor-widget-wrap elementor-element-populated\">\n\t\t\t\t\t\t<div class=\"elementor-element elementor-element-5be0f35 elementor-widget elementor-widget-heading\" data-id=\"5be0f35\" data-element_type=\"widget\" data-e-type=\"widget\" data-widget_type=\"heading.default\">\n\t\t\t\t<div class=\"elementor-widget-container\">\n\t\t\t\t\t<h3 class=\"elementor-heading-title elementor-size-default\">A shared vision beyond diverging interests<\/h3>\t\t\t\t<\/div>\n\t\t\t\t<\/div>\n\t\t\t\t<div class=\"elementor-element elementor-element-678bca5 elementor-widget elementor-widget-text-editor\" data-id=\"678bca5\" data-element_type=\"widget\" data-e-type=\"widget\" data-widget_type=\"text-editor.default\">\n\t\t\t\t<div class=\"elementor-widget-container\">\n\t\t\t\t\t\t\t\t\t<p>During the workshops, a first step was to <b>map the brakes<\/b>: lack of coordination and follow-up, lack of realistic planning, tight deadlines, lack of stakeholder involvement and insufficient circulation of information&#8230; These challenges are often compounded by diverging priorities among partners and low team motivation. As in other transformation programs, essential skills training such as negotiation, consensus building or managing complex situations are essential to <b>unlocking projects that have stalled<\/b>. Developing these capacities has therefore been a priority to provide momentum and ensure the success of these initiatives.   <\/p>\n<p>Bringing together all actors around a <b>shared vision<\/b>, respecting the diversity of interests, is central. Each stakeholder can pursue its own goals, while contributing to a common future. To achieve this, the actors mobilize around their specific role, ensuring that they feel supported and have the necessary resources to contribute to the collective goal.  <\/p>\n\t\t\t\t\t\t\t\t<\/div>\n\t\t\t\t<\/div>\n\t\t\t\t\t<\/div>\n\t\t<\/div>\n\t\t\t\t<div class=\"elementor-column elementor-col-50 elementor-top-column elementor-element elementor-element-ff1ddaa\" data-id=\"ff1ddaa\" data-element_type=\"column\" data-e-type=\"column\">\n\t\t\t<div class=\"elementor-widget-wrap elementor-element-populated\">\n\t\t\t\t\t\t<div class=\"elementor-element elementor-element-ec1170f elementor-widget elementor-widget-image\" data-id=\"ec1170f\" data-element_type=\"widget\" data-e-type=\"widget\" data-widget_type=\"image.default\">\n\t\t\t\t<div class=\"elementor-widget-container\">\n\t\t\t\t\t\t\t\t\t\t\t\t\t\t\t<img decoding=\"async\" width=\"800\" height=\"1067\" src=\"https:\/\/connectionleadership.com\/wp-content\/uploads\/2025\/01\/Waca-Betsy-Stefan-LeadrshipForResults2-825x1100.webp\" class=\"attachment-large size-large wp-image-6530\" alt=\"Waca-Betsy-Stefan-LeadrshipForResults2\" srcset=\"https:\/\/connectionleadership.com\/wp-content\/uploads\/2025\/01\/Waca-Betsy-Stefan-LeadrshipForResults2-825x1100.webp 825w, https:\/\/connectionleadership.com\/wp-content\/uploads\/2025\/01\/Waca-Betsy-Stefan-LeadrshipForResults2-413x550.webp 413w, https:\/\/connectionleadership.com\/wp-content\/uploads\/2025\/01\/Waca-Betsy-Stefan-LeadrshipForResults2-768x1024.webp 768w, https:\/\/connectionleadership.com\/wp-content\/uploads\/2025\/01\/Waca-Betsy-Stefan-LeadrshipForResults2-1152x1536.webp 1152w, https:\/\/connectionleadership.com\/wp-content\/uploads\/2025\/01\/Waca-Betsy-Stefan-LeadrshipForResults2.webp 1536w\" sizes=\"(max-width: 800px) 100vw, 800px\" \/>\t\t\t\t\t\t\t\t\t\t\t\t\t\t\t<\/div>\n\t\t\t\t<\/div>\n\t\t\t\t\t<\/div>\n\t\t<\/div>\n\t\t\t\t\t<\/div>\n\t\t<\/section>\n\t\t\t\t<section class=\"elementor-section elementor-top-section elementor-element elementor-element-dec33c4 elementor-section-boxed elementor-section-height-default elementor-section-height-default\" data-id=\"dec33c4\" data-element_type=\"section\" data-e-type=\"section\">\n\t\t\t\t\t\t<div class=\"elementor-container elementor-column-gap-default\">\n\t\t\t\t\t<div class=\"elementor-column elementor-col-100 elementor-top-column elementor-element elementor-element-03e98b1\" data-id=\"03e98b1\" data-element_type=\"column\" data-e-type=\"column\">\n\t\t\t<div class=\"elementor-widget-wrap elementor-element-populated\">\n\t\t\t\t\t\t<div class=\"elementor-element elementor-element-3d5b02d elementor-widget elementor-widget-heading\" data-id=\"3d5b02d\" data-element_type=\"widget\" data-e-type=\"widget\" data-widget_type=\"heading.default\">\n\t\t\t\t<div class=\"elementor-widget-container\">\n\t\t\t\t\t<h3 class=\"elementor-heading-title elementor-size-default\">Support at all levels through concrete tools<\/h3>\t\t\t\t<\/div>\n\t\t\t\t<\/div>\n\t\t\t\t\t<\/div>\n\t\t<\/div>\n\t\t\t\t\t<\/div>\n\t\t<\/section>\n\t\t\t\t<section class=\"elementor-section elementor-top-section elementor-element elementor-element-e4400e1 elementor-section-boxed elementor-section-height-default elementor-section-height-default\" data-id=\"e4400e1\" data-element_type=\"section\" data-e-type=\"section\">\n\t\t\t\t\t\t<div class=\"elementor-container elementor-column-gap-default\">\n\t\t\t\t\t<div class=\"elementor-column elementor-col-50 elementor-top-column elementor-element elementor-element-8bfbd7b\" data-id=\"8bfbd7b\" data-element_type=\"column\" data-e-type=\"column\">\n\t\t\t<div class=\"elementor-widget-wrap elementor-element-populated\">\n\t\t\t\t\t\t<div class=\"elementor-element elementor-element-6200fa6 elementor-widget elementor-widget-image\" data-id=\"6200fa6\" data-element_type=\"widget\" data-e-type=\"widget\" data-widget_type=\"image.default\">\n\t\t\t\t<div class=\"elementor-widget-container\">\n\t\t\t\t\t\t\t\t\t\t\t\t\t\t\t<img loading=\"lazy\" decoding=\"async\" width=\"800\" height=\"533\" src=\"https:\/\/connectionleadership.com\/wp-content\/uploads\/2025\/01\/Frederick-Herpers-NH-France-1100x733.webp\" class=\"attachment-large size-large wp-image-6532\" alt=\"Frederick-Herpers-NH-France\" srcset=\"https:\/\/connectionleadership.com\/wp-content\/uploads\/2025\/01\/Frederick-Herpers-NH-France-1100x733.webp 1100w, https:\/\/connectionleadership.com\/wp-content\/uploads\/2025\/01\/Frederick-Herpers-NH-France-550x367.webp 550w, https:\/\/connectionleadership.com\/wp-content\/uploads\/2025\/01\/Frederick-Herpers-NH-France-768x512.webp 768w, https:\/\/connectionleadership.com\/wp-content\/uploads\/2025\/01\/Frederick-Herpers-NH-France-1536x1024.webp 1536w, https:\/\/connectionleadership.com\/wp-content\/uploads\/2025\/01\/Frederick-Herpers-NH-France.webp 1920w\" sizes=\"(max-width: 800px) 100vw, 800px\" \/>\t\t\t\t\t\t\t\t\t\t\t\t\t\t\t<\/div>\n\t\t\t\t<\/div>\n\t\t\t\t<div class=\"elementor-element elementor-element-0e4a68a elementor-widget elementor-widget-text-editor\" data-id=\"0e4a68a\" data-element_type=\"widget\" data-e-type=\"widget\" data-widget_type=\"text-editor.default\">\n\t\t\t\t<div class=\"elementor-widget-container\">\n\t\t\t\t\t\t\t\t\t<p><a href=\"https:\/\/www.linkedin.com\/in\/frederick-herpers-a6747771\/\" target=\"_blank\" rel=\"noopener\">Frederick Herpers<\/a>, expert in Blue Economy and MSP, has joined our team to give more impact to this event and engage even more local actors in the sustainable management of their maritime spaces.<\/p>\n\t\t\t\t\t\t\t\t<\/div>\n\t\t\t\t<\/div>\n\t\t\t\t\t<\/div>\n\t\t<\/div>\n\t\t\t\t<div class=\"elementor-column elementor-col-50 elementor-top-column elementor-element elementor-element-a449873\" data-id=\"a449873\" data-element_type=\"column\" data-e-type=\"column\">\n\t\t\t<div class=\"elementor-widget-wrap elementor-element-populated\">\n\t\t\t\t\t\t<div class=\"elementor-element elementor-element-3d114de elementor-widget elementor-widget-text-editor\" data-id=\"3d114de\" data-element_type=\"widget\" data-e-type=\"widget\" data-widget_type=\"text-editor.default\">\n\t\t\t\t<div class=\"elementor-widget-container\">\n\t\t\t\t\t\t\t\t\t<p>One of the strengths of our approach is that we work at different levels: from national to local, from political to operational. Thus, our teams of coach-consultants combine hard skills and soft skills to meet the complex challenges encountered. <\/p>\n<p>In Togo, for example, we used the expertise of a <b>marine spatial planning specialist <\/b>(MSP). His presentation gave each participant (representatives of the Ministry of the Environment, Fisheries, teachers-researchers, territorial communities, army, navy, ports, cities) a clear and technical vision of the MSP tool, while <b>addressing human and technical issues<\/b> in a concrete way.  <\/p>\n<p>This approach, far from being conceptual, has helped to <b>gain understanding of the subject and develop real trust<\/b> within the group. <\/p>\n<p>The approach is therefore not simply focused on training, but offers <b>real coaching on concrete topics<\/b>. Each session allows participants to leave with practical tools and a set of actions to be implemented in the coming months. <\/p>\n\t\t\t\t\t\t\t\t<\/div>\n\t\t\t\t<\/div>\n\t\t\t\t\t<\/div>\n\t\t<\/div>\n\t\t\t\t\t<\/div>\n\t\t<\/section>\n\t\t\t\t<section class=\"elementor-section elementor-top-section elementor-element elementor-element-8c2313e elementor-section-boxed elementor-section-height-default elementor-section-height-default\" data-id=\"8c2313e\" data-element_type=\"section\" data-e-type=\"section\">\n\t\t\t\t\t\t<div class=\"elementor-container elementor-column-gap-default\">\n\t\t\t\t\t<div class=\"elementor-column elementor-col-100 elementor-top-column elementor-element elementor-element-6539f5e\" data-id=\"6539f5e\" data-element_type=\"column\" data-e-type=\"column\">\n\t\t\t<div class=\"elementor-widget-wrap elementor-element-populated\">\n\t\t\t\t\t\t<div class=\"elementor-element elementor-element-bb18c7f elementor-widget elementor-widget-heading\" data-id=\"bb18c7f\" data-element_type=\"widget\" data-e-type=\"widget\" data-widget_type=\"heading.default\">\n\t\t\t\t<div class=\"elementor-widget-container\">\n\t\t\t\t\t<h3 class=\"elementor-heading-title elementor-size-default\">Towards sustainable autonomy<\/h3>\t\t\t\t<\/div>\n\t\t\t\t<\/div>\n\t\t\t\t\t<\/div>\n\t\t<\/div>\n\t\t\t\t\t<\/div>\n\t\t<\/section>\n\t\t\t\t<section class=\"elementor-section elementor-top-section elementor-element elementor-element-b317f42 elementor-section-boxed elementor-section-height-default elementor-section-height-default\" data-id=\"b317f42\" data-element_type=\"section\" data-e-type=\"section\">\n\t\t\t\t\t\t<div class=\"elementor-container elementor-column-gap-default\">\n\t\t\t\t\t<div class=\"elementor-column elementor-col-50 elementor-top-column elementor-element elementor-element-a9edc0d\" data-id=\"a9edc0d\" data-element_type=\"column\" data-e-type=\"column\">\n\t\t\t<div class=\"elementor-widget-wrap elementor-element-populated\">\n\t\t\t\t\t\t<div class=\"elementor-element elementor-element-e2cf38e elementor-widget elementor-widget-text-editor\" data-id=\"e2cf38e\" data-element_type=\"widget\" data-e-type=\"widget\" data-widget_type=\"text-editor.default\">\n\t\t\t\t<div class=\"elementor-widget-container\">\n\t\t\t\t\t\t\t\t\t<p>One of the key objectives of our approach is to<b> promote autonomy and sustainability within teams<\/b>. At the end of the program, participants leave not only with a renewed vision but also with enhanced skills to help them turn challenges into opportunities.<br \/>If previously, each member was limited to his specific role, today, <b>the whole team is responsible: several people are now in charge of different groups of activities<\/b>, and formally commit themselves to regularly review and relaunch the necessary actions. This new organization allows employees to become more autonomous and more involved in collective success. <\/p>\n<p>The testimonies of the participants at the end of the workshop illustrate this transformation: <i>&#8220;I was impressed by the power of listening and sharing in teamwork. I learned the importance of the collective for effectiveness and efficiency in the MSP process. My commitment is to speak with conviction to other stakeholders to make the project in Togo a success!&#8221;<\/i><\/p>\n\t\t\t\t\t\t\t\t<\/div>\n\t\t\t\t<\/div>\n\t\t\t\t\t<\/div>\n\t\t<\/div>\n\t\t\t\t<div class=\"elementor-column elementor-col-50 elementor-top-column elementor-element elementor-element-798e994\" data-id=\"798e994\" data-element_type=\"column\" data-e-type=\"column\">\n\t\t\t<div class=\"elementor-widget-wrap elementor-element-populated\">\n\t\t\t\t\t\t<div class=\"elementor-element elementor-element-d57bc49 elementor-widget elementor-widget-image\" data-id=\"d57bc49\" data-element_type=\"widget\" data-e-type=\"widget\" data-widget_type=\"image.default\">\n\t\t\t\t<div class=\"elementor-widget-container\">\n\t\t\t\t\t\t\t\t\t\t\t\t\t\t\t<img loading=\"lazy\" decoding=\"async\" width=\"790\" height=\"594\" src=\"https:\/\/connectionleadership.com\/wp-content\/uploads\/2025\/01\/Waca-Betsy-LeadershipForResult.webp\" class=\"attachment-large size-large wp-image-6534\" alt=\"Waca-Betsy-LeadershipForResult\" srcset=\"https:\/\/connectionleadership.com\/wp-content\/uploads\/2025\/01\/Waca-Betsy-LeadershipForResult.webp 790w, https:\/\/connectionleadership.com\/wp-content\/uploads\/2025\/01\/Waca-Betsy-LeadershipForResult-550x414.webp 550w, https:\/\/connectionleadership.com\/wp-content\/uploads\/2025\/01\/Waca-Betsy-LeadershipForResult-768x577.webp 768w\" sizes=\"(max-width: 790px) 100vw, 790px\" \/>\t\t\t\t\t\t\t\t\t\t\t\t\t\t\t<\/div>\n\t\t\t\t<\/div>\n\t\t\t\t\t<\/div>\n\t\t<\/div>\n\t\t\t\t\t<\/div>\n\t\t<\/section>\n\t\t\t\t<section class=\"elementor-section elementor-top-section elementor-element elementor-element-935826c elementor-section-boxed elementor-section-height-default elementor-section-height-default\" data-id=\"935826c\" data-element_type=\"section\" data-e-type=\"section\">\n\t\t\t\t\t\t<div class=\"elementor-container elementor-column-gap-default\">\n\t\t\t\t\t<div class=\"elementor-column elementor-col-100 elementor-top-column elementor-element elementor-element-b4bbb52\" data-id=\"b4bbb52\" data-element_type=\"column\" data-e-type=\"column\">\n\t\t\t<div class=\"elementor-widget-wrap elementor-element-populated\">\n\t\t\t\t\t\t<div class=\"elementor-element elementor-element-fcfc7db elementor-widget-divider--view-line elementor-widget elementor-widget-divider\" data-id=\"fcfc7db\" data-element_type=\"widget\" data-e-type=\"widget\" data-widget_type=\"divider.default\">\n\t\t\t\t<div class=\"elementor-widget-container\">\n\t\t\t\t\t\t\t<div class=\"elementor-divider\">\n\t\t\t<span class=\"elementor-divider-separator\">\n\t\t\t\t\t\t<\/span>\n\t\t<\/div>\n\t\t\t\t\t\t<\/div>\n\t\t\t\t<\/div>\n\t\t\t\t<div class=\"elementor-element elementor-element-53d00c3 elementor-widget elementor-widget-text-editor\" data-id=\"53d00c3\" data-element_type=\"widget\" data-e-type=\"widget\" data-widget_type=\"text-editor.default\">\n\t\t\t\t<div class=\"elementor-widget-container\">\n\t\t\t\t\t\t\t\t\t<p>Working on complex governance projects? Our Leadership for Results offering helps you to boost your resources and generate concrete results in your projects.  <a href=\"https:\/\/connectionleadership.com\/en\/contact\/\" target=\"_blank\" rel=\"noopener\">Contact us for more information!<\/a><\/p>\n<p>Our approach, based on transversality and pragmatism, brings you all the necessary elements to co-construct the transformation of your company. This co-construction is carried out with all levels of the company to improve collective commitment. Our coaching and transformation programs are designed to bring impact and concrete results, ultimately empowering you in your transformation.<\/p>\n\t\t\t\t\t\t\t\t<\/div>\n\t\t\t\t<\/div>\n\t\t\t\t\t<\/div>\n\t\t<\/div>\n\t\t\t\t\t<\/div>\n\t\t<\/section>\n\t\t\t\t<section class=\"elementor-section elementor-top-section elementor-element elementor-element-f8df343 elementor-section-boxed elementor-section-height-default elementor-section-height-default\" data-id=\"f8df343\" data-element_type=\"section\" data-e-type=\"section\">\n\t\t\t\t\t\t<div class=\"elementor-container elementor-column-gap-default\">\n\t\t\t\t\t<div class=\"elementor-column elementor-col-100 elementor-top-column elementor-element elementor-element-3b88182\" data-id=\"3b88182\" data-element_type=\"column\" data-e-type=\"column\">\n\t\t\t<div class=\"elementor-widget-wrap elementor-element-populated\">\n\t\t\t\t\t\t<div class=\"elementor-element elementor-element-c6154a0 elementor-widget-divider--view-line elementor-widget elementor-widget-divider\" data-id=\"c6154a0\" data-element_type=\"widget\" data-e-type=\"widget\" data-widget_type=\"divider.default\">\n\t\t\t\t<div class=\"elementor-widget-container\">\n\t\t\t\t\t\t\t<div class=\"elementor-divider\">\n\t\t\t<span class=\"elementor-divider-separator\">\n\t\t\t\t\t\t<\/span>\n\t\t<\/div>\n\t\t\t\t\t\t<\/div>\n\t\t\t\t<\/div>\n\t\t\t\t<div class=\"elementor-element elementor-element-b5e18e9 elementor-grid-3 elementor-grid-tablet-2 elementor-grid-mobile-1 elementor-posts--thumbnail-top elementor-widget elementor-widget-posts\" data-id=\"b5e18e9\" data-element_type=\"widget\" data-e-type=\"widget\" data-settings=\"{&quot;pagination_type&quot;:&quot;numbers_and_prev_next&quot;,&quot;classic_columns&quot;:&quot;3&quot;,&quot;classic_columns_tablet&quot;:&quot;2&quot;,&quot;classic_columns_mobile&quot;:&quot;1&quot;,&quot;classic_row_gap&quot;:{&quot;unit&quot;:&quot;px&quot;,&quot;size&quot;:35,&quot;sizes&quot;:[]},&quot;classic_row_gap_tablet&quot;:{&quot;unit&quot;:&quot;px&quot;,&quot;size&quot;:&quot;&quot;,&quot;sizes&quot;:[]},&quot;classic_row_gap_mobile&quot;:{&quot;unit&quot;:&quot;px&quot;,&quot;size&quot;:&quot;&quot;,&quot;sizes&quot;:[]}}\" data-widget_type=\"posts.classic\">\n\t\t\t\t<div class=\"elementor-widget-container\">\n\t\t\t\t\t\t\t<div class=\"elementor-posts-container elementor-posts elementor-posts--skin-classic elementor-grid\" role=\"list\">\n\t\t\t\t<article class=\"elementor-post elementor-grid-item post-6907 post type-post status-publish format-standard has-post-thumbnail hentry category-publications-en\" role=\"listitem\">\n\t\t\t\t<a class=\"elementor-post__thumbnail__link\" href=\"https:\/\/connectionleadership.com\/en\/ecological-transition-in-industry-supporting-smes-and-etis-towards-a-sustainable-future\/\" tabindex=\"-1\" >\n\t\t\t<div class=\"elementor-post__thumbnail\"><img loading=\"lazy\" decoding=\"async\" width=\"550\" height=\"550\" src=\"https:\/\/connectionleadership.com\/wp-content\/uploads\/2025\/07\/TE-Industrie-550x550.webp\" class=\"attachment-medium size-medium wp-image-6895\" alt=\"Transition \u00e9cologique et Entreprise Industrielle\" srcset=\"https:\/\/connectionleadership.com\/wp-content\/uploads\/2025\/07\/TE-Industrie-550x550.webp 550w, https:\/\/connectionleadership.com\/wp-content\/uploads\/2025\/07\/TE-Industrie-1100x1100.webp 1100w, https:\/\/connectionleadership.com\/wp-content\/uploads\/2025\/07\/TE-Industrie-250x250.webp 250w, https:\/\/connectionleadership.com\/wp-content\/uploads\/2025\/07\/TE-Industrie-768x768.webp 768w, https:\/\/connectionleadership.com\/wp-content\/uploads\/2025\/07\/TE-Industrie.webp 1200w\" sizes=\"(max-width: 550px) 100vw, 550px\" \/><\/div>\n\t\t<\/a>\n\t\t\t\t<div class=\"elementor-post__text\">\n\t\t\t\t<h3 class=\"elementor-post__title\">\n\t\t\t<a href=\"https:\/\/connectionleadership.com\/en\/ecological-transition-in-industry-supporting-smes-and-etis-towards-a-sustainable-future\/\" >\n\t\t\t\tEcological Transition in Industry: Supporting SMEs and ETIs towards a sustainable future\t\t\t<\/a>\n\t\t<\/h3>\n\t\t\t\t<div class=\"elementor-post__excerpt\">\n\t\t\t<p>Industrial SMEs and SMBs: take up the challenge of ecological transition with an innovative and sustainable approach. Find out how Connection Leadership can support your transformation to combine performance, innovation and positive impact. <\/p>\t\t<\/div>\n\t\t\n\t\t<a class=\"elementor-post__read-more\" href=\"https:\/\/connectionleadership.com\/en\/ecological-transition-in-industry-supporting-smes-and-etis-towards-a-sustainable-future\/\" aria-label=\"Read more about Ecological Transition in Industry: Supporting SMEs and ETIs towards a sustainable future\" tabindex=\"-1\" >\n\t\t\tRead more \u00bb\t\t<\/a>\n\n\t\t\t\t<\/div>\n\t\t\t\t<\/article>\n\t\t\t\t<article class=\"elementor-post elementor-grid-item post-6909 post type-post status-publish format-standard has-post-thumbnail hentry category-publications-en\" role=\"listitem\">\n\t\t\t\t<a class=\"elementor-post__thumbnail__link\" href=\"https:\/\/connectionleadership.com\/en\/responsible-communication-a-strategic-lever-for-companies\/\" tabindex=\"-1\" >\n\t\t\t<div class=\"elementor-post__thumbnail\"><img loading=\"lazy\" decoding=\"async\" width=\"550\" height=\"550\" src=\"https:\/\/connectionleadership.com\/wp-content\/uploads\/2025\/06\/communication-responsable-550x550.webp\" class=\"attachment-medium size-medium wp-image-6856\" alt=\"communication responsable\" srcset=\"https:\/\/connectionleadership.com\/wp-content\/uploads\/2025\/06\/communication-responsable-550x550.webp 550w, https:\/\/connectionleadership.com\/wp-content\/uploads\/2025\/06\/communication-responsable-250x250.webp 250w, https:\/\/connectionleadership.com\/wp-content\/uploads\/2025\/06\/communication-responsable-768x768.webp 768w, https:\/\/connectionleadership.com\/wp-content\/uploads\/2025\/06\/communication-responsable.webp 840w\" sizes=\"(max-width: 550px) 100vw, 550px\" \/><\/div>\n\t\t<\/a>\n\t\t\t\t<div class=\"elementor-post__text\">\n\t\t\t\t<h3 class=\"elementor-post__title\">\n\t\t\t<a href=\"https:\/\/connectionleadership.com\/en\/responsible-communication-a-strategic-lever-for-companies\/\" >\n\t\t\t\tResponsible Communication: A Strategic Lever for Companies\t\t\t<\/a>\n\t\t<\/h3>\n\t\t\t\t<div class=\"elementor-post__excerpt\">\n\t\t\t<p>In a world undergoing profound ecological and social change, companies need to fundamentally rethink their communications approach.<\/p>\t\t<\/div>\n\t\t\n\t\t<a class=\"elementor-post__read-more\" href=\"https:\/\/connectionleadership.com\/en\/responsible-communication-a-strategic-lever-for-companies\/\" aria-label=\"Read more about Responsible Communication: A Strategic Lever for Companies\" tabindex=\"-1\" >\n\t\t\tRead more \u00bb\t\t<\/a>\n\n\t\t\t\t<\/div>\n\t\t\t\t<\/article>\n\t\t\t\t<article class=\"elementor-post elementor-grid-item post-6911 post type-post status-publish format-standard has-post-thumbnail hentry category-publications-en\" role=\"listitem\">\n\t\t\t\t<a class=\"elementor-post__thumbnail__link\" href=\"https:\/\/connectionleadership.com\/en\/from-human-potential-to-environmental-progress\/\" tabindex=\"-1\" >\n\t\t\t<div class=\"elementor-post__thumbnail\"><img loading=\"lazy\" decoding=\"async\" width=\"550\" height=\"309\" src=\"https:\/\/connectionleadership.com\/wp-content\/uploads\/2025\/04\/Du-potentiel-humain-au-progres-environnemental-550x309.png\" class=\"attachment-medium size-medium wp-image-6667\" alt=\"\" srcset=\"https:\/\/connectionleadership.com\/wp-content\/uploads\/2025\/04\/Du-potentiel-humain-au-progres-environnemental-550x309.png 550w, https:\/\/connectionleadership.com\/wp-content\/uploads\/2025\/04\/Du-potentiel-humain-au-progres-environnemental-1100x619.png 1100w, https:\/\/connectionleadership.com\/wp-content\/uploads\/2025\/04\/Du-potentiel-humain-au-progres-environnemental-768x432.png 768w, https:\/\/connectionleadership.com\/wp-content\/uploads\/2025\/04\/Du-potentiel-humain-au-progres-environnemental-1536x864.png 1536w, https:\/\/connectionleadership.com\/wp-content\/uploads\/2025\/04\/Du-potentiel-humain-au-progres-environnemental.png 1920w\" sizes=\"(max-width: 550px) 100vw, 550px\" \/><\/div>\n\t\t<\/a>\n\t\t\t\t<div class=\"elementor-post__text\">\n\t\t\t\t<h3 class=\"elementor-post__title\">\n\t\t\t<a href=\"https:\/\/connectionleadership.com\/en\/from-human-potential-to-environmental-progress\/\" >\n\t\t\t\tFrom human potential to environmental progress\t\t\t<\/a>\n\t\t<\/h3>\n\t\t\t\t<div class=\"elementor-post__excerpt\">\n\t\t\t<p>CSR is on everyone&#8217;s lips these days. Awareness of the ecological transition is growing, and a real awareness is emerging in many organizations. Yet, despite these advances, the real impact on operations is still too limited. <\/p>\t\t<\/div>\n\t\t\n\t\t<a class=\"elementor-post__read-more\" href=\"https:\/\/connectionleadership.com\/en\/from-human-potential-to-environmental-progress\/\" aria-label=\"Read more about From human potential to environmental progress\" tabindex=\"-1\" >\n\t\t\tRead more \u00bb\t\t<\/a>\n\n\t\t\t\t<\/div>\n\t\t\t\t<\/article>\n\t\t\t\t<article class=\"elementor-post elementor-grid-item post-6643 post type-post status-publish format-standard has-post-thumbnail hentry category-publications-en\" role=\"listitem\">\n\t\t\t\t<a class=\"elementor-post__thumbnail__link\" href=\"https:\/\/connectionleadership.com\/en\/leadership-and-collective-intelligence-for-coastal-resilience\/\" tabindex=\"-1\" >\n\t\t\t<div class=\"elementor-post__thumbnail\"><img loading=\"lazy\" decoding=\"async\" width=\"550\" height=\"309\" src=\"https:\/\/connectionleadership.com\/wp-content\/uploads\/2025\/01\/Resilience-cotiere-Waca-550x309.webp\" class=\"attachment-medium size-medium wp-image-6536\" alt=\"R\u00e9silience c\u00f4ti\u00e8re-Waca\" srcset=\"https:\/\/connectionleadership.com\/wp-content\/uploads\/2025\/01\/Resilience-cotiere-Waca-550x309.webp 550w, https:\/\/connectionleadership.com\/wp-content\/uploads\/2025\/01\/Resilience-cotiere-Waca-1100x619.webp 1100w, https:\/\/connectionleadership.com\/wp-content\/uploads\/2025\/01\/Resilience-cotiere-Waca-768x432.webp 768w, https:\/\/connectionleadership.com\/wp-content\/uploads\/2025\/01\/Resilience-cotiere-Waca-1536x864.webp 1536w, https:\/\/connectionleadership.com\/wp-content\/uploads\/2025\/01\/Resilience-cotiere-Waca.webp 1920w\" sizes=\"(max-width: 550px) 100vw, 550px\" \/><\/div>\n\t\t<\/a>\n\t\t\t\t<div class=\"elementor-post__text\">\n\t\t\t\t<h3 class=\"elementor-post__title\">\n\t\t\t<a href=\"https:\/\/connectionleadership.com\/en\/leadership-and-collective-intelligence-for-coastal-resilience\/\" >\n\t\t\t\tLeadership and collective intelligence for coastal resilience\t\t\t<\/a>\n\t\t<\/h3>\n\t\t\t\t<div class=\"elementor-post__excerpt\">\n\t\t\t<p>The Blue Economy is now recognized as a strategic lever for combining economic development, social inclusion and preservation of the marine environment. This model, which encompasses sectors ranging from fishing to marine renewable energy,&#8230; <\/p>\t\t<\/div>\n\t\t\n\t\t<a class=\"elementor-post__read-more\" href=\"https:\/\/connectionleadership.com\/en\/leadership-and-collective-intelligence-for-coastal-resilience\/\" aria-label=\"Read more about Leadership and collective intelligence for coastal resilience\" tabindex=\"-1\" >\n\t\t\tRead more \u00bb\t\t<\/a>\n\n\t\t\t\t<\/div>\n\t\t\t\t<\/article>\n\t\t\t\t<article class=\"elementor-post elementor-grid-item post-6648 post type-post status-publish format-standard has-post-thumbnail hentry category-publications-en\" role=\"listitem\">\n\t\t\t\t<a class=\"elementor-post__thumbnail__link\" href=\"https:\/\/connectionleadership.com\/en\/why-ai-needs-you\/\" tabindex=\"-1\" >\n\t\t\t<div class=\"elementor-post__thumbnail\"><img loading=\"lazy\" decoding=\"async\" width=\"550\" height=\"309\" src=\"https:\/\/connectionleadership.com\/wp-content\/uploads\/2024\/11\/Pourquoi-lIA-a-besoin-de-vous-550x309.webp\" class=\"attachment-medium size-medium wp-image-6396\" alt=\"\" srcset=\"https:\/\/connectionleadership.com\/wp-content\/uploads\/2024\/11\/Pourquoi-lIA-a-besoin-de-vous-550x309.webp 550w, https:\/\/connectionleadership.com\/wp-content\/uploads\/2024\/11\/Pourquoi-lIA-a-besoin-de-vous-1100x619.webp 1100w, https:\/\/connectionleadership.com\/wp-content\/uploads\/2024\/11\/Pourquoi-lIA-a-besoin-de-vous-768x432.webp 768w, https:\/\/connectionleadership.com\/wp-content\/uploads\/2024\/11\/Pourquoi-lIA-a-besoin-de-vous-1536x864.webp 1536w, https:\/\/connectionleadership.com\/wp-content\/uploads\/2024\/11\/Pourquoi-lIA-a-besoin-de-vous.webp 1920w\" sizes=\"(max-width: 550px) 100vw, 550px\" \/><\/div>\n\t\t<\/a>\n\t\t\t\t<div class=\"elementor-post__text\">\n\t\t\t\t<h3 class=\"elementor-post__title\">\n\t\t\t<a href=\"https:\/\/connectionleadership.com\/en\/why-ai-needs-you\/\" >\n\t\t\t\tWhy AI needs you\t\t\t<\/a>\n\t\t<\/h3>\n\t\t\t\t<div class=\"elementor-post__excerpt\">\n\t\t\t<p>During a training course on the subject of artificial intelligence, which I attended with my colleague Jean-Pierre Huchet, formerly owner of Renault&#8217;s data lake, as well as an international group from the business and technology sectors, I realized that the holistic consulting approach, which looks at both the human and\t\t<\/div>\n\t\t\n\t\t<a class=\"elementor-post__read-more\" href=\"https:\/\/connectionleadership.com\/en\/why-ai-needs-you\/\" aria-label=\"Read more about Why AI needs you\" tabindex=\"-1\" >\n\t\t\tRead more \u00bb\t\t<\/a>\n\n\t\t\t\t<\/div>\n\t\t\t\t<\/article>\n\t\t\t\t<article class=\"elementor-post elementor-grid-item post-6367 post type-post status-publish format-standard has-post-thumbnail hentry category-publications-en\" role=\"listitem\">\n\t\t\t\t<a class=\"elementor-post__thumbnail__link\" href=\"https:\/\/connectionleadership.com\/en\/why-does-our-approach-deliver-fast-far-reaching-results\/\" tabindex=\"-1\" >\n\t\t\t<div class=\"elementor-post__thumbnail\"><img loading=\"lazy\" decoding=\"async\" width=\"550\" height=\"310\" src=\"https:\/\/connectionleadership.com\/wp-content\/uploads\/2024\/09\/secrets-methodo-Connection-550x310.png\" class=\"attachment-medium size-medium wp-image-6356\" alt=\"secrets-m\u00e9thodo-Connection\" srcset=\"https:\/\/connectionleadership.com\/wp-content\/uploads\/2024\/09\/secrets-methodo-Connection-550x310.png 550w, https:\/\/connectionleadership.com\/wp-content\/uploads\/2024\/09\/secrets-methodo-Connection-1100x620.png 1100w, https:\/\/connectionleadership.com\/wp-content\/uploads\/2024\/09\/secrets-methodo-Connection-768x433.png 768w, https:\/\/connectionleadership.com\/wp-content\/uploads\/2024\/09\/secrets-methodo-Connection.png 1278w\" sizes=\"(max-width: 550px) 100vw, 550px\" \/><\/div>\n\t\t<\/a>\n\t\t\t\t<div class=\"elementor-post__text\">\n\t\t\t\t<h3 class=\"elementor-post__title\">\n\t\t\t<a href=\"https:\/\/connectionleadership.com\/en\/why-does-our-approach-deliver-fast-far-reaching-results\/\" >\n\t\t\t\tWhy does our approach deliver fast, far-reaching results?\t\t\t<\/a>\n\t\t<\/h3>\n\t\t\t\t<div class=\"elementor-post__excerpt\">\n\t\t\t<p>The inspiration for this article came from a recent testimonial following one of our \u201cBOOST\u201d seminars. A customer confided in me: \u201cWe&#8217;ve seen lots of coaches, but we&#8217;ve never had an experience like this before! At first, it may seem irrational to invest time and money in areas which, at\t\t<\/div>\n\t\t\n\t\t<a class=\"elementor-post__read-more\" href=\"https:\/\/connectionleadership.com\/en\/why-does-our-approach-deliver-fast-far-reaching-results\/\" aria-label=\"Read more about Why does our approach deliver fast, far-reaching results?\" tabindex=\"-1\" >\n\t\t\tRead more \u00bb\t\t<\/a>\n\n\t\t\t\t<\/div>\n\t\t\t\t<\/article>\n\t\t\t\t<\/div>\n\t\t\n\t\t\t\t<div class=\"e-load-more-anchor\" data-page=\"1\" data-max-page=\"5\" data-next-page=\"https:\/\/connectionleadership.com\/en\/wp-json\/wp\/v2\/posts\/6643\/page\/2\/\"><\/div>\n\t\t\t\t<nav class=\"elementor-pagination\" aria-label=\"Pagination\">\n\t\t\t<span class=\"page-numbers prev\">\u00ab Previous<\/span>\n<span aria-current=\"page\" class=\"page-numbers current\"><span class=\"elementor-screen-only\">Page<\/span>1<\/span>\n<a class=\"page-numbers\" href=\"https:\/\/connectionleadership.com\/en\/wp-json\/wp\/v2\/posts\/6643\/page\/2\/\"><span class=\"elementor-screen-only\">Page<\/span>2<\/a>\n<a class=\"page-numbers\" href=\"https:\/\/connectionleadership.com\/en\/wp-json\/wp\/v2\/posts\/6643\/page\/3\/\"><span class=\"elementor-screen-only\">Page<\/span>3<\/a>\n<a class=\"page-numbers next\" href=\"https:\/\/connectionleadership.com\/en\/wp-json\/wp\/v2\/posts\/6643\/page\/2\/\">Next \u00bb<\/a>\t\t<\/nav>\n\t\t\t\t\t\t<\/div>\n\t\t\t\t<\/div>\n\t\t\t\t\t<\/div>\n\t\t<\/div>\n\t\t\t\t\t<\/div>\n\t\t<\/section>\n\t\t\t\t<\/div>\n\t\t","protected":false},"excerpt":{"rendered":"<p>The Blue Economy is now recognized as a strategic lever for combining economic development, social inclusion and preservation of the marine environment. This model, which encompasses sectors ranging from fishing to marine renewable energy,&#8230; <\/p>\n","protected":false},"author":4,"featured_media":6536,"comment_status":"open","ping_status":"open","sticky":false,"template":"","format":"standard","meta":{"_acf_changed":false,"content-type":"","footnotes":""},"categories":[51],"tags":[],"class_list":["post-6643","post","type-post","status-publish","format-standard","has-post-thumbnail","hentry","category-publications-en"],"acf":[],"yoast_head":"<!-- This site is optimized with the Yoast SEO plugin v27.4 - https:\/\/yoast.com\/product\/yoast-seo-wordpress\/ -->\n<title>Leadership and collective intelligence for coastal resilience - Connection Leadership<\/title>\n<meta name=\"description\" content=\"The Blue Economy is now recognized as a strategic lever for combining economic development, social inclusion and preservation of the marine environment.\" \/>\n<meta name=\"robots\" content=\"index, follow, max-snippet:-1, max-image-preview:large, max-video-preview:-1\" \/>\n<link rel=\"canonical\" href=\"https:\/\/connectionleadership.com\/en\/leadership-and-collective-intelligence-for-coastal-resilience\/\" \/>\n<meta property=\"og:locale\" content=\"en_US\" \/>\n<meta property=\"og:type\" content=\"article\" \/>\n<meta property=\"og:title\" content=\"Leadership and collective intelligence for coastal resilience - Connection Leadership\" \/>\n<meta property=\"og:description\" content=\"The Blue Economy is now recognized as a strategic lever for combining economic development, social inclusion and preservation of the marine environment.\" \/>\n<meta property=\"og:url\" content=\"https:\/\/connectionleadership.com\/en\/leadership-and-collective-intelligence-for-coastal-resilience\/\" \/>\n<meta property=\"og:site_name\" content=\"Connection Leadership\" \/>\n<meta property=\"article:published_time\" content=\"2025-01-28T13:12:45+00:00\" \/>\n<meta property=\"article:modified_time\" content=\"2025-03-21T15:01:20+00:00\" \/>\n<meta property=\"og:image\" content=\"https:\/\/connectionleadership.com\/wp-content\/uploads\/2025\/01\/Resilience-cotiere-Waca.webp\" \/>\n\t<meta property=\"og:image:width\" content=\"1920\" \/>\n\t<meta property=\"og:image:height\" content=\"1080\" \/>\n\t<meta property=\"og:image:type\" content=\"image\/webp\" \/>\n<meta name=\"author\" content=\"Connection Leadership\" \/>\n<meta name=\"twitter:card\" content=\"summary_large_image\" \/>\n<meta name=\"twitter:label1\" content=\"Written by\" \/>\n\t<meta name=\"twitter:data1\" content=\"Connection Leadership\" \/>\n\t<meta name=\"twitter:label2\" content=\"Est. reading time\" \/>\n\t<meta name=\"twitter:data2\" content=\"6 minutes\" \/>\n<script type=\"application\/ld+json\" class=\"yoast-schema-graph\">{\"@context\":\"https:\\\/\\\/schema.org\",\"@graph\":[{\"@type\":\"Article\",\"@id\":\"https:\\\/\\\/connectionleadership.com\\\/en\\\/leadership-and-collective-intelligence-for-coastal-resilience\\\/#article\",\"isPartOf\":{\"@id\":\"https:\\\/\\\/connectionleadership.com\\\/en\\\/leadership-and-collective-intelligence-for-coastal-resilience\\\/\"},\"author\":{\"name\":\"Connection Leadership\",\"@id\":\"https:\\\/\\\/connectionleadership.com\\\/en\\\/#\\\/schema\\\/person\\\/42b0abd2443c250bfc25b46aa51773eb\"},\"headline\":\"Leadership and collective intelligence for coastal resilience\",\"datePublished\":\"2025-01-28T13:12:45+00:00\",\"dateModified\":\"2025-03-21T15:01:20+00:00\",\"mainEntityOfPage\":{\"@id\":\"https:\\\/\\\/connectionleadership.com\\\/en\\\/leadership-and-collective-intelligence-for-coastal-resilience\\\/\"},\"wordCount\":1179,\"commentCount\":0,\"publisher\":{\"@id\":\"https:\\\/\\\/connectionleadership.com\\\/en\\\/#organization\"},\"image\":{\"@id\":\"https:\\\/\\\/connectionleadership.com\\\/en\\\/leadership-and-collective-intelligence-for-coastal-resilience\\\/#primaryimage\"},\"thumbnailUrl\":\"https:\\\/\\\/connectionleadership.com\\\/wp-content\\\/uploads\\\/2025\\\/01\\\/Resilience-cotiere-Waca.webp\",\"articleSection\":[\"Publications\"],\"inLanguage\":\"en-US\",\"potentialAction\":[{\"@type\":\"CommentAction\",\"name\":\"Comment\",\"target\":[\"https:\\\/\\\/connectionleadership.com\\\/en\\\/leadership-and-collective-intelligence-for-coastal-resilience\\\/#respond\"]}]},{\"@type\":\"WebPage\",\"@id\":\"https:\\\/\\\/connectionleadership.com\\\/en\\\/leadership-and-collective-intelligence-for-coastal-resilience\\\/\",\"url\":\"https:\\\/\\\/connectionleadership.com\\\/en\\\/leadership-and-collective-intelligence-for-coastal-resilience\\\/\",\"name\":\"Leadership and collective intelligence for coastal resilience - Connection Leadership\",\"isPartOf\":{\"@id\":\"https:\\\/\\\/connectionleadership.com\\\/en\\\/#website\"},\"primaryImageOfPage\":{\"@id\":\"https:\\\/\\\/connectionleadership.com\\\/en\\\/leadership-and-collective-intelligence-for-coastal-resilience\\\/#primaryimage\"},\"image\":{\"@id\":\"https:\\\/\\\/connectionleadership.com\\\/en\\\/leadership-and-collective-intelligence-for-coastal-resilience\\\/#primaryimage\"},\"thumbnailUrl\":\"https:\\\/\\\/connectionleadership.com\\\/wp-content\\\/uploads\\\/2025\\\/01\\\/Resilience-cotiere-Waca.webp\",\"datePublished\":\"2025-01-28T13:12:45+00:00\",\"dateModified\":\"2025-03-21T15:01:20+00:00\",\"description\":\"The Blue Economy is now recognized as a strategic lever for combining economic development, social inclusion and preservation of the marine environment.\",\"breadcrumb\":{\"@id\":\"https:\\\/\\\/connectionleadership.com\\\/en\\\/leadership-and-collective-intelligence-for-coastal-resilience\\\/#breadcrumb\"},\"inLanguage\":\"en-US\",\"potentialAction\":[{\"@type\":\"ReadAction\",\"target\":[\"https:\\\/\\\/connectionleadership.com\\\/en\\\/leadership-and-collective-intelligence-for-coastal-resilience\\\/\"]}]},{\"@type\":\"ImageObject\",\"inLanguage\":\"en-US\",\"@id\":\"https:\\\/\\\/connectionleadership.com\\\/en\\\/leadership-and-collective-intelligence-for-coastal-resilience\\\/#primaryimage\",\"url\":\"https:\\\/\\\/connectionleadership.com\\\/wp-content\\\/uploads\\\/2025\\\/01\\\/Resilience-cotiere-Waca.webp\",\"contentUrl\":\"https:\\\/\\\/connectionleadership.com\\\/wp-content\\\/uploads\\\/2025\\\/01\\\/Resilience-cotiere-Waca.webp\",\"width\":1920,\"height\":1080,\"caption\":\"R\u00e9silience c\u00f4ti\u00e8re-Waca\"},{\"@type\":\"BreadcrumbList\",\"@id\":\"https:\\\/\\\/connectionleadership.com\\\/en\\\/leadership-and-collective-intelligence-for-coastal-resilience\\\/#breadcrumb\",\"itemListElement\":[{\"@type\":\"ListItem\",\"position\":1,\"name\":\"Accueil\",\"item\":\"https:\\\/\\\/connectionleadership.com\\\/en\\\/home\\\/\"},{\"@type\":\"ListItem\",\"position\":2,\"name\":\"Leadership and collective intelligence for coastal resilience\"}]},{\"@type\":\"WebSite\",\"@id\":\"https:\\\/\\\/connectionleadership.com\\\/en\\\/#website\",\"url\":\"https:\\\/\\\/connectionleadership.com\\\/en\\\/\",\"name\":\"Connection Leadership\",\"description\":\"High Impact Transformation\",\"publisher\":{\"@id\":\"https:\\\/\\\/connectionleadership.com\\\/en\\\/#organization\"},\"potentialAction\":[{\"@type\":\"SearchAction\",\"target\":{\"@type\":\"EntryPoint\",\"urlTemplate\":\"https:\\\/\\\/connectionleadership.com\\\/en\\\/?s={search_term_string}\"},\"query-input\":{\"@type\":\"PropertyValueSpecification\",\"valueRequired\":true,\"valueName\":\"search_term_string\"}}],\"inLanguage\":\"en-US\"},{\"@type\":\"Organization\",\"@id\":\"https:\\\/\\\/connectionleadership.com\\\/en\\\/#organization\",\"name\":\"Connection Leadership\",\"url\":\"https:\\\/\\\/connectionleadership.com\\\/en\\\/\",\"logo\":{\"@type\":\"ImageObject\",\"inLanguage\":\"en-US\",\"@id\":\"https:\\\/\\\/connectionleadership.com\\\/en\\\/#\\\/schema\\\/logo\\\/image\\\/\",\"url\":\"https:\\\/\\\/connectionleadership.com\\\/wp-content\\\/uploads\\\/2022\\\/08\\\/Logo-connection-leadership.svg\",\"contentUrl\":\"https:\\\/\\\/connectionleadership.com\\\/wp-content\\\/uploads\\\/2022\\\/08\\\/Logo-connection-leadership.svg\",\"width\":148,\"height\":50,\"caption\":\"Connection Leadership\"},\"image\":{\"@id\":\"https:\\\/\\\/connectionleadership.com\\\/en\\\/#\\\/schema\\\/logo\\\/image\\\/\"}},{\"@type\":\"Person\",\"@id\":\"https:\\\/\\\/connectionleadership.com\\\/en\\\/#\\\/schema\\\/person\\\/42b0abd2443c250bfc25b46aa51773eb\",\"name\":\"Connection Leadership\",\"url\":\"https:\\\/\\\/connectionleadership.com\\\/en\\\/author\\\/admin_cl\\\/\"}]}<\/script>\n<!-- \/ Yoast SEO plugin. -->","yoast_head_json":{"title":"Leadership and collective intelligence for coastal resilience - Connection Leadership","description":"The Blue Economy is now recognized as a strategic lever for combining economic development, social inclusion and preservation of the marine environment.","robots":{"index":"index","follow":"follow","max-snippet":"max-snippet:-1","max-image-preview":"max-image-preview:large","max-video-preview":"max-video-preview:-1"},"canonical":"https:\/\/connectionleadership.com\/en\/leadership-and-collective-intelligence-for-coastal-resilience\/","og_locale":"en_US","og_type":"article","og_title":"Leadership and collective intelligence for coastal resilience - Connection Leadership","og_description":"The Blue Economy is now recognized as a strategic lever for combining economic development, social inclusion and preservation of the marine environment.","og_url":"https:\/\/connectionleadership.com\/en\/leadership-and-collective-intelligence-for-coastal-resilience\/","og_site_name":"Connection Leadership","article_published_time":"2025-01-28T13:12:45+00:00","article_modified_time":"2025-03-21T15:01:20+00:00","og_image":[{"width":1920,"height":1080,"url":"https:\/\/connectionleadership.com\/wp-content\/uploads\/2025\/01\/Resilience-cotiere-Waca.webp","type":"image\/webp"}],"author":"Connection Leadership","twitter_card":"summary_large_image","twitter_misc":{"Written by":"Connection Leadership","Est. reading time":"6 minutes"},"schema":{"@context":"https:\/\/schema.org","@graph":[{"@type":"Article","@id":"https:\/\/connectionleadership.com\/en\/leadership-and-collective-intelligence-for-coastal-resilience\/#article","isPartOf":{"@id":"https:\/\/connectionleadership.com\/en\/leadership-and-collective-intelligence-for-coastal-resilience\/"},"author":{"name":"Connection Leadership","@id":"https:\/\/connectionleadership.com\/en\/#\/schema\/person\/42b0abd2443c250bfc25b46aa51773eb"},"headline":"Leadership and collective intelligence for coastal resilience","datePublished":"2025-01-28T13:12:45+00:00","dateModified":"2025-03-21T15:01:20+00:00","mainEntityOfPage":{"@id":"https:\/\/connectionleadership.com\/en\/leadership-and-collective-intelligence-for-coastal-resilience\/"},"wordCount":1179,"commentCount":0,"publisher":{"@id":"https:\/\/connectionleadership.com\/en\/#organization"},"image":{"@id":"https:\/\/connectionleadership.com\/en\/leadership-and-collective-intelligence-for-coastal-resilience\/#primaryimage"},"thumbnailUrl":"https:\/\/connectionleadership.com\/wp-content\/uploads\/2025\/01\/Resilience-cotiere-Waca.webp","articleSection":["Publications"],"inLanguage":"en-US","potentialAction":[{"@type":"CommentAction","name":"Comment","target":["https:\/\/connectionleadership.com\/en\/leadership-and-collective-intelligence-for-coastal-resilience\/#respond"]}]},{"@type":"WebPage","@id":"https:\/\/connectionleadership.com\/en\/leadership-and-collective-intelligence-for-coastal-resilience\/","url":"https:\/\/connectionleadership.com\/en\/leadership-and-collective-intelligence-for-coastal-resilience\/","name":"Leadership and collective intelligence for coastal resilience - Connection Leadership","isPartOf":{"@id":"https:\/\/connectionleadership.com\/en\/#website"},"primaryImageOfPage":{"@id":"https:\/\/connectionleadership.com\/en\/leadership-and-collective-intelligence-for-coastal-resilience\/#primaryimage"},"image":{"@id":"https:\/\/connectionleadership.com\/en\/leadership-and-collective-intelligence-for-coastal-resilience\/#primaryimage"},"thumbnailUrl":"https:\/\/connectionleadership.com\/wp-content\/uploads\/2025\/01\/Resilience-cotiere-Waca.webp","datePublished":"2025-01-28T13:12:45+00:00","dateModified":"2025-03-21T15:01:20+00:00","description":"The Blue Economy is now recognized as a strategic lever for combining economic development, social inclusion and preservation of the marine environment.","breadcrumb":{"@id":"https:\/\/connectionleadership.com\/en\/leadership-and-collective-intelligence-for-coastal-resilience\/#breadcrumb"},"inLanguage":"en-US","potentialAction":[{"@type":"ReadAction","target":["https:\/\/connectionleadership.com\/en\/leadership-and-collective-intelligence-for-coastal-resilience\/"]}]},{"@type":"ImageObject","inLanguage":"en-US","@id":"https:\/\/connectionleadership.com\/en\/leadership-and-collective-intelligence-for-coastal-resilience\/#primaryimage","url":"https:\/\/connectionleadership.com\/wp-content\/uploads\/2025\/01\/Resilience-cotiere-Waca.webp","contentUrl":"https:\/\/connectionleadership.com\/wp-content\/uploads\/2025\/01\/Resilience-cotiere-Waca.webp","width":1920,"height":1080,"caption":"R\u00e9silience c\u00f4ti\u00e8re-Waca"},{"@type":"BreadcrumbList","@id":"https:\/\/connectionleadership.com\/en\/leadership-and-collective-intelligence-for-coastal-resilience\/#breadcrumb","itemListElement":[{"@type":"ListItem","position":1,"name":"Accueil","item":"https:\/\/connectionleadership.com\/en\/home\/"},{"@type":"ListItem","position":2,"name":"Leadership and collective intelligence for coastal resilience"}]},{"@type":"WebSite","@id":"https:\/\/connectionleadership.com\/en\/#website","url":"https:\/\/connectionleadership.com\/en\/","name":"Connection Leadership","description":"High Impact Transformation","publisher":{"@id":"https:\/\/connectionleadership.com\/en\/#organization"},"potentialAction":[{"@type":"SearchAction","target":{"@type":"EntryPoint","urlTemplate":"https:\/\/connectionleadership.com\/en\/?s={search_term_string}"},"query-input":{"@type":"PropertyValueSpecification","valueRequired":true,"valueName":"search_term_string"}}],"inLanguage":"en-US"},{"@type":"Organization","@id":"https:\/\/connectionleadership.com\/en\/#organization","name":"Connection Leadership","url":"https:\/\/connectionleadership.com\/en\/","logo":{"@type":"ImageObject","inLanguage":"en-US","@id":"https:\/\/connectionleadership.com\/en\/#\/schema\/logo\/image\/","url":"https:\/\/connectionleadership.com\/wp-content\/uploads\/2022\/08\/Logo-connection-leadership.svg","contentUrl":"https:\/\/connectionleadership.com\/wp-content\/uploads\/2022\/08\/Logo-connection-leadership.svg","width":148,"height":50,"caption":"Connection Leadership"},"image":{"@id":"https:\/\/connectionleadership.com\/en\/#\/schema\/logo\/image\/"}},{"@type":"Person","@id":"https:\/\/connectionleadership.com\/en\/#\/schema\/person\/42b0abd2443c250bfc25b46aa51773eb","name":"Connection Leadership","url":"https:\/\/connectionleadership.com\/en\/author\/admin_cl\/"}]}},"_links":{"self":[{"href":"https:\/\/connectionleadership.com\/en\/wp-json\/wp\/v2\/posts\/6643","targetHints":{"allow":["GET"]}}],"collection":[{"href":"https:\/\/connectionleadership.com\/en\/wp-json\/wp\/v2\/posts"}],"about":[{"href":"https:\/\/connectionleadership.com\/en\/wp-json\/wp\/v2\/types\/post"}],"author":[{"embeddable":true,"href":"https:\/\/connectionleadership.com\/en\/wp-json\/wp\/v2\/users\/4"}],"replies":[{"embeddable":true,"href":"https:\/\/connectionleadership.com\/en\/wp-json\/wp\/v2\/comments?post=6643"}],"version-history":[{"count":1,"href":"https:\/\/connectionleadership.com\/en\/wp-json\/wp\/v2\/posts\/6643\/revisions"}],"predecessor-version":[{"id":6644,"href":"https:\/\/connectionleadership.com\/en\/wp-json\/wp\/v2\/posts\/6643\/revisions\/6644"}],"wp:featuredmedia":[{"embeddable":true,"href":"https:\/\/connectionleadership.com\/en\/wp-json\/wp\/v2\/media\/6536"}],"wp:attachment":[{"href":"https:\/\/connectionleadership.com\/en\/wp-json\/wp\/v2\/media?parent=6643"}],"wp:term":[{"taxonomy":"category","embeddable":true,"href":"https:\/\/connectionleadership.com\/en\/wp-json\/wp\/v2\/categories?post=6643"},{"taxonomy":"post_tag","embeddable":true,"href":"https:\/\/connectionleadership.com\/en\/wp-json\/wp\/v2\/tags?post=6643"}],"curies":[{"name":"wp","href":"https:\/\/api.w.org\/{rel}","templated":true}]}}